{"id":4997,"date":"2026-03-27T11:19:59","date_gmt":"2026-03-27T10:19:59","guid":{"rendered":"http:\/\/xn--fcdahl-drenhagen-twb.de\/?p=4997"},"modified":"2026-03-27T11:21:27","modified_gmt":"2026-03-27T10:21:27","slug":"sommertransfer%f0%9f%92%9a%e2%9d%a4%ef%b8%8f-max-schlenger-wechselt-zum-fc-dd","status":"publish","type":"post","link":"http:\/\/xn--fcdahl-drenhagen-twb.de\/?p=4997","title":{"rendered":"Sommertransfer!\ud83d\udc9a\u2764\ufe0f &#8211; Max Schlenger wechselt zum FC DD"},"content":{"rendered":"\t\t<div data-elementor-type=\"wp-post\" data-elementor-id=\"4997\" class=\"elementor elementor-4997\">\n\t\t\t\t<div class=\"elementor-element elementor-element-5da037b e-flex e-con-boxed e-con e-parent\" data-id=\"5da037b\" data-element_type=\"container\">\n\t\t\t\t\t<div class=\"e-con-inner\">\n\t\t\t\t<div class=\"elementor-element elementor-element-5fea724 elementor-widget elementor-widget-text-editor\" data-id=\"5fea724\" data-element_type=\"widget\" data-widget_type=\"text-editor.default\">\n\t\t\t\t<div class=\"elementor-widget-container\">\n\t\t\t\t\t\t\t\t\t<p>Wir freuen uns, Euch den n\u00e4chsten Neuzugang f\u00fcr die kommende Saison pr\u00e4sentieren zu k\u00f6nnen! Max Schlenger wird ab dem Sommer das Trikot des FC doppel D tragen! Der 26 j\u00e4hrige Torwart befindet sich im besten Fu\u00dfballeralter und wechselt vom Landesligisten USC Altenautal zu uns! Max wird unsere Truppe sowohl charakterlich als auch qualitativ weiter verst\u00e4rken, dementsprechend freuen wir uns sehr \u00fcber diesen Transfer! Herzlich willkommen, Max!\ud83d\udc9a\u2764\ufe0f<\/p><p>\u00a0<\/p><p>Auch hier findet Ihr nachstehend noch einen kleinen Fragenkatalog!<\/p><p>\u00a0<\/p><p>&#8211; Name\/Spitzname: Max<\/p><p>&#8211; \u2060Alter: 26\u00a0<\/p><p>&#8211; \u2060Position: Torwart\u00a0<\/p><p>&#8211; \u2060St\u00e4rken: Lautst\u00e4rke, mit dem Fu\u00df<\/p><p>&#8211; \u2060Schw\u00e4chen: Ruhe bewahren\u00a0<\/p><p>&#8211; \u2060Wo hast du deine Laufbahn begonnen? Tura Elsen<\/p><p>&#8211; \u2060Dein gr\u00f6\u00dftes Idol? Manuel Neuer\u00a0<\/p><p>&#8211; \u2060Kabinen DJ oder lieber Ruhe? DJ<\/p><p>&#8211; \u2060Gelb f\u00fcr meckern oder Zeitspiel? Beides\u00a0<\/p><p>&#8211; \u2060Was darf in deiner Sporttasche nicht fehlen? Adiletten<\/p><p>&#8211; \u2060Was sind deine Ziele kommende Saison? Mich gut in die Mannschaft einbringen und so viele Spiele wie m\u00f6glich die 0 zu halten\u00a0<\/p><p>&#8211; \u2060Ein Wort das Dich beschreibt? Zielstrebig<\/p>\t\t\t\t\t\t\t\t<\/div>\n\t\t\t\t<\/div>\n\t\t\t\t\t<\/div>\n\t\t\t\t<\/div>\n\t\t\t\t<\/div>\n\t\t","protected":false},"excerpt":{"rendered":"<p>Wir freuen uns, Euch den n\u00e4chsten Neuzugang f\u00fcr die kommende Saison pr\u00e4sentieren zu k\u00f6nnen! Max Schlenger wird ab dem Sommer das Trikot des FC doppel D tragen! Der 26 j\u00e4hrige Torwart befindet sich im besten<a class=\"read-more\" href=\"http:\/\/xn--fcdahl-drenhagen-twb.de\/?p=4997\">Continue reading<\/a><\/p>\n","protected":false},"author":5,"featured_media":4986,"comment_status":"closed","ping_status":"closed","sticky":false,"template":"","format":"standard","meta":{"_monsterinsights_skip_tracking":false,"_monsterinsights_sitenote_active":false,"_monsterinsights_sitenote_note":"","_monsterinsights_sitenote_category":0,"ngg_post_thumbnail":0,"footnotes":""},"categories":[3],"tags":[],"class_list":["post-4997","post","type-post","status-publish","format-standard","has-post-thumbnail","hentry","category-1-mannschaft"],"_links":{"self":[{"href":"http:\/\/xn--fcdahl-drenhagen-twb.de\/index.php?rest_route=\/wp\/v2\/posts\/4997","targetHints":{"allow":["GET"]}}],"collection":[{"href":"http:\/\/xn--fcdahl-drenhagen-twb.de\/index.php?rest_route=\/wp\/v2\/posts"}],"about":[{"href":"http:\/\/xn--fcdahl-drenhagen-twb.de\/index.php?rest_route=\/wp\/v2\/types\/post"}],"author":[{"embeddable":true,"href":"http:\/\/xn--fcdahl-drenhagen-twb.de\/index.php?rest_route=\/wp\/v2\/users\/5"}],"replies":[{"embeddable":true,"href":"http:\/\/xn--fcdahl-drenhagen-twb.de\/index.php?rest_route=%2Fwp%2Fv2%2Fcomments&post=4997"}],"version-history":[{"count":4,"href":"http:\/\/xn--fcdahl-drenhagen-twb.de\/index.php?rest_route=\/wp\/v2\/posts\/4997\/revisions"}],"predecessor-version":[{"id":5001,"href":"http:\/\/xn--fcdahl-drenhagen-twb.de\/index.php?rest_route=\/wp\/v2\/posts\/4997\/revisions\/5001"}],"wp:featuredmedia":[{"embeddable":true,"href":"http:\/\/xn--fcdahl-drenhagen-twb.de\/index.php?rest_route=\/wp\/v2\/media\/4986"}],"wp:attachment":[{"href":"http:\/\/xn--fcdahl-drenhagen-twb.de\/index.php?rest_route=%2Fwp%2Fv2%2Fmedia&parent=4997"}],"wp:term":[{"taxonomy":"category","embeddable":true,"href":"http:\/\/xn--fcdahl-drenhagen-twb.de\/index.php?rest_route=%2Fwp%2Fv2%2Fcategories&post=4997"},{"taxonomy":"post_tag","embeddable":true,"href":"http:\/\/xn--fcdahl-drenhagen-twb.de\/index.php?rest_route=%2Fwp%2Fv2%2Ftags&post=4997"}],"curies":[{"name":"wp","href":"https:\/\/api.w.org\/{rel}","templated":true}]}}