{"id":4992,"date":"2026-03-27T11:18:58","date_gmt":"2026-03-27T10:18:58","guid":{"rendered":"http:\/\/xn--fcdahl-drenhagen-twb.de\/?p=4992"},"modified":"2026-03-27T11:19:17","modified_gmt":"2026-03-27T10:19:17","slug":"sommertransfer-jordi-senk-wechselt-zum-fc-dd%f0%9f%92%9a%e2%9d%a4%ef%b8%8f","status":"publish","type":"post","link":"http:\/\/xn--fcdahl-drenhagen-twb.de\/?p=4992","title":{"rendered":"Sommertransfer! &#8211; Jordi Senk wechselt zum FC DD\ud83d\udc9a\u2764\ufe0f"},"content":{"rendered":"\t\t<div data-elementor-type=\"wp-post\" data-elementor-id=\"4992\" class=\"elementor elementor-4992\">\n\t\t\t\t<div class=\"elementor-element elementor-element-1eb6acb e-flex e-con-boxed e-con e-parent\" data-id=\"1eb6acb\" data-element_type=\"container\">\n\t\t\t\t\t<div class=\"e-con-inner\">\n\t\t\t\t<div class=\"elementor-element elementor-element-b5d35ef elementor-widget elementor-widget-text-editor\" data-id=\"b5d35ef\" data-element_type=\"widget\" data-widget_type=\"text-editor.default\">\n\t\t\t\t<div class=\"elementor-widget-container\">\n\t\t\t\t\t\t\t\t\t<p>Jordi Senk wechselt im Sommer von Blau-Wei\u00df Paderborn zum FC doppel D! Der erst 19 J\u00e4hrige St\u00fcrmer konnte in der laufenden Spielzeit bereits 6 mal knipsen und bringt einiges an Potential mit! Jordi ist der Sohn des ehemaligen Profi und TuS Paderborn Legende Andy Senk und will beim FC nun den n\u00e4chsten Schritt gehen! Herzlich willkommen Jordi, wir freuen uns auf dich!\ud83d\udc9a\u2764\ufe0f<\/p><p>\u00a0<\/p><p>Nachstehend haben wir noch einen kurzen Fragebogen f\u00fcr euch vorbereitet!<\/p><p>\u00a0<\/p><p>&#8211; Name\/Spitzname: Jordi Senk<\/p><p>&#8211; \u2060Alter: 19<\/p><p>&#8211; \u2060Position: St\u00fcrmer<\/p><p>&#8211; \u2060St\u00e4rken: Schnelligkeit und Schuss<\/p><p>&#8211; \u2060Schw\u00e4chen: Kopfball<\/p><p>&#8211; \u2060Wo hast du deine Laufbahn begonnen?<\/p><p>\u00a0 \u00a0Die Jugend im Rheinland und die A Jugend dann bei Blau-Wei\u00df Paderborn.<\/p><p>&#8211; \u2060Dein gr\u00f6\u00dftes Idol?<\/p><p>\u00a0 \u00a0Messi, aber vor allem mein Vater.<\/p><p>&#8211; \u2060Kabinen DJ oder lieber Ruhe?\u00a0<\/p><p>\u00a0 \u00a0In der Kabine ist Musik ein Muss.<\/p><p>&#8211; \u2060Gelb f\u00fcr meckern oder Zeitspiel?<\/p><p>\u00a0 \u00a0Zeitspiel<\/p><p>&#8211; \u2060Was darf in deiner Sporttasche nicht fehlen?<\/p><p>\u00a0 \u00a0Schlappen<\/p><p>&#8211; \u2060Was sind deine Ziele kommende Saison?<\/p><p>\u00a0 \u00a0Gut ankommen in der Mannschaft, mit der Mannschaft eine gute Rolle spielen.<\/p><p>&#8211; \u2060Ein Wort das Dich beschreibt?\u00a0<\/p><p>\u00a0 \u00a0zuverl\u00e4ssig, kameradschaftlich, ehrgeizig, f\u00fcr jeden Spa\u00df zu haben<\/p>\t\t\t\t\t\t\t\t<\/div>\n\t\t\t\t<\/div>\n\t\t\t\t\t<\/div>\n\t\t\t\t<\/div>\n\t\t\t\t<\/div>\n\t\t","protected":false},"excerpt":{"rendered":"<p>Jordi Senk wechselt im Sommer von Blau-Wei\u00df Paderborn zum FC doppel D! Der erst 19 J\u00e4hrige St\u00fcrmer konnte in der laufenden Spielzeit bereits 6 mal knipsen und bringt einiges an Potential mit! Jordi ist der<a class=\"read-more\" href=\"http:\/\/xn--fcdahl-drenhagen-twb.de\/?p=4992\">Continue reading<\/a><\/p>\n","protected":false},"author":5,"featured_media":4985,"comment_status":"closed","ping_status":"closed","sticky":false,"template":"","format":"standard","meta":{"_monsterinsights_skip_tracking":false,"_monsterinsights_sitenote_active":false,"_monsterinsights_sitenote_note":"","_monsterinsights_sitenote_category":0,"ngg_post_thumbnail":0,"footnotes":""},"categories":[3],"tags":[],"class_list":["post-4992","post","type-post","status-publish","format-standard","has-post-thumbnail","hentry","category-1-mannschaft"],"_links":{"self":[{"href":"http:\/\/xn--fcdahl-drenhagen-twb.de\/index.php?rest_route=\/wp\/v2\/posts\/4992","targetHints":{"allow":["GET"]}}],"collection":[{"href":"http:\/\/xn--fcdahl-drenhagen-twb.de\/index.php?rest_route=\/wp\/v2\/posts"}],"about":[{"href":"http:\/\/xn--fcdahl-drenhagen-twb.de\/index.php?rest_route=\/wp\/v2\/types\/post"}],"author":[{"embeddable":true,"href":"http:\/\/xn--fcdahl-drenhagen-twb.de\/index.php?rest_route=\/wp\/v2\/users\/5"}],"replies":[{"embeddable":true,"href":"http:\/\/xn--fcdahl-drenhagen-twb.de\/index.php?rest_route=%2Fwp%2Fv2%2Fcomments&post=4992"}],"version-history":[{"count":4,"href":"http:\/\/xn--fcdahl-drenhagen-twb.de\/index.php?rest_route=\/wp\/v2\/posts\/4992\/revisions"}],"predecessor-version":[{"id":4996,"href":"http:\/\/xn--fcdahl-drenhagen-twb.de\/index.php?rest_route=\/wp\/v2\/posts\/4992\/revisions\/4996"}],"wp:featuredmedia":[{"embeddable":true,"href":"http:\/\/xn--fcdahl-drenhagen-twb.de\/index.php?rest_route=\/wp\/v2\/media\/4985"}],"wp:attachment":[{"href":"http:\/\/xn--fcdahl-drenhagen-twb.de\/index.php?rest_route=%2Fwp%2Fv2%2Fmedia&parent=4992"}],"wp:term":[{"taxonomy":"category","embeddable":true,"href":"http:\/\/xn--fcdahl-drenhagen-twb.de\/index.php?rest_route=%2Fwp%2Fv2%2Fcategories&post=4992"},{"taxonomy":"post_tag","embeddable":true,"href":"http:\/\/xn--fcdahl-drenhagen-twb.de\/index.php?rest_route=%2Fwp%2Fv2%2Ftags&post=4992"}],"curies":[{"name":"wp","href":"https:\/\/api.w.org\/{rel}","templated":true}]}}