{"id":3983,"date":"2022-06-03T11:58:16","date_gmt":"2022-06-03T10:58:16","guid":{"rendered":"http:\/\/xn--fcdahl-drenhagen-twb.de\/?p=3983"},"modified":"2022-06-03T11:58:16","modified_gmt":"2022-06-03T10:58:16","slug":"die-zweite-ist-zurueck","status":"publish","type":"post","link":"http:\/\/xn--fcdahl-drenhagen-twb.de\/?p=3983","title":{"rendered":"Die Zweite ist zur\u00fcck"},"content":{"rendered":"\n<p>Die Entt\u00e4uschung war gro\u00df, als uns Anfang Oktober letzten Jahres nichts anderes \u00fcbrig blieb, als unsere Zweite vom Spielbetrieb abzumelden.<\/p>\n\n\n\n<p>Ein solch schmerzliches Ende, bietet jedoch auch die Chance etwas Neues aufzubauen. So wurden seitens unserer Kaderplanung in den vergangenen Monaten unz\u00e4hlige Gespr\u00e4che gef\u00fchrt, Klinken geputzt und s\u00e4mtliche Hebel umgelegt, um eine neue Zweite aufzubauen. Federf\u00fchrend kann man hier Steffen Gr\u00fcne nicht genug danken. \u00dcber 40 Interessierte kamen zusammen, um seit Anfang April unter der Leitung des neuen Trainergespanns Kreimer\/H\u00f6lscher\/Ditz einmal w\u00f6chentlich zu trainieren.<\/p>\n\n\n\n<p>Es zeigte sich schnell, dass sich hier etwas entwickeln kann. Regelm\u00e4\u00dfig 20 Mann beim Training und auch au\u00dferhalb des Platzes stimmt es. So wurde unsere Erste beim letzten Saisonspiel mann-und lautstark unterst\u00fctzt. Auch der erstmals ausgef\u00fchrte Pizza Gabriel Pokal war ein echtes Highlight und sorgte f\u00fcr gute Stimmung. Danke an Gabriel f\u00fcr deine Unterst\u00fctzung ?\u2764\ufe0f<\/p>\n\n\n\n<p>F\u00fcr die kommende Spielzeit hat man nun einen 30 Spieler starken Kader zusammen, der k\u00fcnftig in der C Liga an den Start gehen wird. Viele alte Bekannte, aber auch neue Gesichter wird man dann auf der Sonnenbergkampfbahn begr\u00fc\u00dfen d\u00fcrfen\u2764\ufe0f?<\/p>\n","protected":false},"excerpt":{"rendered":"<p>Die Entt\u00e4uschung war gro\u00df, als uns Anfang Oktober letzten Jahres nichts anderes \u00fcbrig blieb, als unsere Zweite vom Spielbetrieb abzumelden. Ein solch schmerzliches Ende, bietet jedoch auch die Chance etwas Neues aufzubauen. So wurden seitens<a class=\"read-more\" href=\"http:\/\/xn--fcdahl-drenhagen-twb.de\/?p=3983\">Continue reading<\/a><\/p>\n","protected":false},"author":1,"featured_media":3984,"comment_status":"closed","ping_status":"closed","sticky":false,"template":"","format":"standard","meta":{"_monsterinsights_skip_tracking":false,"_monsterinsights_sitenote_active":false,"_monsterinsights_sitenote_note":"","_monsterinsights_sitenote_category":0,"ngg_post_thumbnail":0,"footnotes":""},"categories":[4],"tags":[],"class_list":["post-3983","post","type-post","status-publish","format-standard","has-post-thumbnail","hentry","category-2-mannschaft"],"_links":{"self":[{"href":"http:\/\/xn--fcdahl-drenhagen-twb.de\/index.php?rest_route=\/wp\/v2\/posts\/3983","targetHints":{"allow":["GET"]}}],"collection":[{"href":"http:\/\/xn--fcdahl-drenhagen-twb.de\/index.php?rest_route=\/wp\/v2\/posts"}],"about":[{"href":"http:\/\/xn--fcdahl-drenhagen-twb.de\/index.php?rest_route=\/wp\/v2\/types\/post"}],"author":[{"embeddable":true,"href":"http:\/\/xn--fcdahl-drenhagen-twb.de\/index.php?rest_route=\/wp\/v2\/users\/1"}],"replies":[{"embeddable":true,"href":"http:\/\/xn--fcdahl-drenhagen-twb.de\/index.php?rest_route=%2Fwp%2Fv2%2Fcomments&post=3983"}],"version-history":[{"count":1,"href":"http:\/\/xn--fcdahl-drenhagen-twb.de\/index.php?rest_route=\/wp\/v2\/posts\/3983\/revisions"}],"predecessor-version":[{"id":3985,"href":"http:\/\/xn--fcdahl-drenhagen-twb.de\/index.php?rest_route=\/wp\/v2\/posts\/3983\/revisions\/3985"}],"wp:featuredmedia":[{"embeddable":true,"href":"http:\/\/xn--fcdahl-drenhagen-twb.de\/index.php?rest_route=\/wp\/v2\/media\/3984"}],"wp:attachment":[{"href":"http:\/\/xn--fcdahl-drenhagen-twb.de\/index.php?rest_route=%2Fwp%2Fv2%2Fmedia&parent=3983"}],"wp:term":[{"taxonomy":"category","embeddable":true,"href":"http:\/\/xn--fcdahl-drenhagen-twb.de\/index.php?rest_route=%2Fwp%2Fv2%2Fcategories&post=3983"},{"taxonomy":"post_tag","embeddable":true,"href":"http:\/\/xn--fcdahl-drenhagen-twb.de\/index.php?rest_route=%2Fwp%2Fv2%2Ftags&post=3983"}],"curies":[{"name":"wp","href":"https:\/\/api.w.org\/{rel}","templated":true}]}}