{"id":3422,"date":"2021-05-04T22:38:27","date_gmt":"2021-05-04T21:38:27","guid":{"rendered":"http:\/\/xn--fcdahl-drenhagen-twb.de\/?p=3422"},"modified":"2021-06-25T17:27:17","modified_gmt":"2021-06-25T16:27:17","slug":"jsg-egge-stellt-weichen-fuer-die-neue-saison","status":"publish","type":"post","link":"http:\/\/xn--fcdahl-drenhagen-twb.de\/?p=3422","title":{"rendered":"JSG Egge stellt Weichen f\u00fcr die neue Saison &#8211; Treffen 05.06.2021 um 14:00 Uhr"},"content":{"rendered":"\n<p>Die Vorst\u00e4nde der Jugendspielgemeinschaft Egge haben die Weichen f\u00fcr die Saison 2021\/2022 gestellt. Zur neuen Saison k\u00f6nnen innerhalb der JSG gemeinsam zwei A-Jugendmannschaften, eine B-Jugendmannschaft sowie eine C-Jugendmannschaft gestellt werden. Beteiligt sind hier die Vereine FC Dahl\/D\u00f6renhagen, TuSEgge Schwaney und der FC Neuenheerse\/Herbram. Ziel ist es, die A-Jugendspieler an den Seniorenfu\u00dfball heranzuf\u00fchren. Die A2-Jugend \u00fcbernehmen Thomas Hartinger und Daniel Lemke, die in der vergangenenSaison bereits die B-Jugend der JSG trainiert haben. Hier besteht der Kader aus Spielern vom FC Dahl\/D\u00f6renhagen und dem TuS Egge Schwaney. Die B-Jugend wird trainiert vom Trainerduo Marc Hartmann und Lars Stefan-Fauseweh die im vergangenen Jahr bereits die D-Jugend vom FC Dahl\/D\u00f6renhagen trainiert haben. Die C-Jugend wird wie auch schon in der vergangenen Saison von Henrik Schonlau und Co-Trainer Jonas Wietfeld trainiert. Der FC Neuenheerse\/Herbram wird im Bereich der B- und C-Jugend in der neuen Saison den Spielbetrieb eigenst\u00e4ndig im Fu\u00dfballkreis H\u00f6xter angehen. Die JSG setzt auch in Zukunft auf die eigenen Jugendspieler, die in der j\u00fcngsten Vergangenheit sowohl in der B-Jugend als auch in der A-Jugend Bezirksliga erfolgreich ihre F\u00e4higkeiten unter Beweis stellen konnten. Die Jugendvorst\u00e4nde der beteiligten Vereine hoffen, dass wieder planbare Zeiten kommen, um den Jugendlichen wieder eine fu\u00dfballerisch und gemeinschaftlich hochwertige Basis zu bieten. Ein besonderer Dank gilt an dieser Stelle den bisherigen Trainern und Betreuern Markus Denter, J\u00fcrgen Schwarze, Olaf B\u00f6ning, Oliver Parsch und Jan Uhe die in den vergangenen Jahren zahlreiche Meisterschaften und zwei Bezirksliga-Aufstiege erk\u00e4mpfen konnten und in den (leider aufgrund von Corona vorzeitig beendeten) Bezirksliga-Spielzeiten sehr erfolgreich waren.<\/p>\n\n\n\n<p><strong>Trainer im Aufgabenbereich M\u00e4dchen, Minikicker bis C-Jugend<\/strong><\/p>\n\n\n\n<p>Auch bei den Mannschaften im Aufbaubereich des FC Dahl\/D\u00f6renhagen stehen die Trainer f\u00fcr die neue Saison fest. Dies sind bei der M\u00e4dchenmannschaft weiterhin die Trainerinnen Evelyn Wenzel und Maria Kaufmann, bei den Minikickern Dahl die Trainer Norbert Liehr, Heiner F\u00fcller und Reinhard Beran. Bei den Minikickern D\u00f6renhagen \u00fcbernimmt Lars Kreimer zusammen mit Christian Buschmeier, Andreas Groneberg und Alexander Stieben die J\u00fcngsten. Bei der F-Jugend haben wir mit Andre Keuthen, Jens Kroh und Marius Wiechoczek drei Trainer die schon seit einiger Zeit zusammen ein Trainerteam bilden. Die E-Jugend \u00fcbernimmt Yusef Munam zusammen mit Sebastian L\u00f6hr, hier wird noch ein dritter Trainer gesucht. Die D-Jugend bekommt mit Rainer und Christoph Fraune sowie Daniel Leadbetter ein neues Trainerteam. Auch hier ein besonderer Dank f\u00fcr die Leistungen der Trainer und Betreuer in der vergangenen Saison, die zuk\u00fcnftig nicht mehr oder nur noch eingeschr\u00e4nkt zur Verf\u00fcgung stehen. Wir hoffen, dass der Trainingsbetrieb recht bald wieder durchf\u00fchrbar ist und wir uns alle wieder zusammen auf dem Platz zum Fu\u00dfballspielen treffen k\u00f6nnen. Noch vor den Sommerferien sollen \u2013 wenn m\u00f6glich \u2013 die neuen Mannschaften mit ihren Trainern erste Trainingseinheiten zum Kennenlernen absolvieren.<\/p>\n\n\n\n<p>F\u00fcr alle Jugendtrainer findet am <strong>05.06.2021 um 14:00 Uhr <\/strong>ein erstes gemeinsames Treffen amSportlatz in Dahl oder D\u00f6renhagen statt. Bitte diesen Termin vormerken. Neben organisatorischen Punkten zur neuen Saison erfolgt eine theoretische und praktische Weiterbildung.<\/p>\n","protected":false},"excerpt":{"rendered":"<p>Die Vorst\u00e4nde der Jugendspielgemeinschaft Egge haben die Weichen f\u00fcr die Saison 2021\/2022 gestellt. Zur neuen Saison k\u00f6nnen innerhalb der JSG gemeinsam zwei A-Jugendmannschaften, eine B-Jugendmannschaft sowie eine C-Jugendmannschaft gestellt werden. Beteiligt sind hier die Vereine<a class=\"read-more\" href=\"http:\/\/xn--fcdahl-drenhagen-twb.de\/?p=3422\">Continue reading<\/a><\/p>\n","protected":false},"author":1,"featured_media":3381,"comment_status":"closed","ping_status":"closed","sticky":false,"template":"","format":"standard","meta":{"_monsterinsights_skip_tracking":false,"_monsterinsights_sitenote_active":false,"_monsterinsights_sitenote_note":"","_monsterinsights_sitenote_category":0,"ngg_post_thumbnail":0,"footnotes":""},"categories":[1],"tags":[],"class_list":["post-3422","post","type-post","status-publish","format-standard","has-post-thumbnail","hentry","category-uncategorized"],"_links":{"self":[{"href":"http:\/\/xn--fcdahl-drenhagen-twb.de\/index.php?rest_route=\/wp\/v2\/posts\/3422","targetHints":{"allow":["GET"]}}],"collection":[{"href":"http:\/\/xn--fcdahl-drenhagen-twb.de\/index.php?rest_route=\/wp\/v2\/posts"}],"about":[{"href":"http:\/\/xn--fcdahl-drenhagen-twb.de\/index.php?rest_route=\/wp\/v2\/types\/post"}],"author":[{"embeddable":true,"href":"http:\/\/xn--fcdahl-drenhagen-twb.de\/index.php?rest_route=\/wp\/v2\/users\/1"}],"replies":[{"embeddable":true,"href":"http:\/\/xn--fcdahl-drenhagen-twb.de\/index.php?rest_route=%2Fwp%2Fv2%2Fcomments&post=3422"}],"version-history":[{"count":6,"href":"http:\/\/xn--fcdahl-drenhagen-twb.de\/index.php?rest_route=\/wp\/v2\/posts\/3422\/revisions"}],"predecessor-version":[{"id":3451,"href":"http:\/\/xn--fcdahl-drenhagen-twb.de\/index.php?rest_route=\/wp\/v2\/posts\/3422\/revisions\/3451"}],"wp:featuredmedia":[{"embeddable":true,"href":"http:\/\/xn--fcdahl-drenhagen-twb.de\/index.php?rest_route=\/wp\/v2\/media\/3381"}],"wp:attachment":[{"href":"http:\/\/xn--fcdahl-drenhagen-twb.de\/index.php?rest_route=%2Fwp%2Fv2%2Fmedia&parent=3422"}],"wp:term":[{"taxonomy":"category","embeddable":true,"href":"http:\/\/xn--fcdahl-drenhagen-twb.de\/index.php?rest_route=%2Fwp%2Fv2%2Fcategories&post=3422"},{"taxonomy":"post_tag","embeddable":true,"href":"http:\/\/xn--fcdahl-drenhagen-twb.de\/index.php?rest_route=%2Fwp%2Fv2%2Ftags&post=3422"}],"curies":[{"name":"wp","href":"https:\/\/api.w.org\/{rel}","templated":true}]}}