{"id":3419,"date":"2021-05-01T16:09:16","date_gmt":"2021-05-01T15:09:16","guid":{"rendered":"http:\/\/xn--fcdahl-drenhagen-twb.de\/?p=3419"},"modified":"2021-05-01T16:10:15","modified_gmt":"2021-05-01T15:10:15","slug":"saison-abbruch","status":"publish","type":"post","link":"http:\/\/xn--fcdahl-drenhagen-twb.de\/?p=3419","title":{"rendered":"Saison Abbruch"},"content":{"rendered":"\n<p>Wie der Gro\u00dfteil der Leser ja bereits aus den Medien mitbekommen hat, hat der FLVW die Saison im Amateurbereich f\u00fcr beendet erkl\u00e4rt. Aufsteiger und Absteiger gibt es keine.<\/p>\n\n\n\n<p>N\u00e4here Infos finden sich hier <a href=\"https:\/\/www.flvw.de\/news\/detail\/meisterschaftssaison-im-flvw-wird-ohne-wertung-beendet\/\" target=\"_blank\" rel=\"noreferrer noopener\">https:\/\/www.flvw.de\/news\/detail\/meisterschaftssaison-im-flvw-wird-ohne-wertung-beendet\/<\/a><\/p>\n","protected":false},"excerpt":{"rendered":"<p>Wie der Gro\u00dfteil der Leser ja bereits aus den Medien mitbekommen hat, hat der FLVW die Saison im Amateurbereich f\u00fcr beendet erkl\u00e4rt. Aufsteiger und Absteiger gibt es keine. N\u00e4here Infos finden sich hier https:\/\/www.flvw.de\/news\/detail\/meisterschaftssaison-im-flvw-wird-ohne-wertung-beendet\/<\/p>\n","protected":false},"author":1,"featured_media":3381,"comment_status":"closed","ping_status":"closed","sticky":false,"template":"","format":"standard","meta":{"_monsterinsights_skip_tracking":false,"_monsterinsights_sitenote_active":false,"_monsterinsights_sitenote_note":"","_monsterinsights_sitenote_category":0,"ngg_post_thumbnail":0,"footnotes":""},"categories":[1],"tags":[],"class_list":["post-3419","post","type-post","status-publish","format-standard","has-post-thumbnail","hentry","category-uncategorized"],"_links":{"self":[{"href":"http:\/\/xn--fcdahl-drenhagen-twb.de\/index.php?rest_route=\/wp\/v2\/posts\/3419","targetHints":{"allow":["GET"]}}],"collection":[{"href":"http:\/\/xn--fcdahl-drenhagen-twb.de\/index.php?rest_route=\/wp\/v2\/posts"}],"about":[{"href":"http:\/\/xn--fcdahl-drenhagen-twb.de\/index.php?rest_route=\/wp\/v2\/types\/post"}],"author":[{"embeddable":true,"href":"http:\/\/xn--fcdahl-drenhagen-twb.de\/index.php?rest_route=\/wp\/v2\/users\/1"}],"replies":[{"embeddable":true,"href":"http:\/\/xn--fcdahl-drenhagen-twb.de\/index.php?rest_route=%2Fwp%2Fv2%2Fcomments&post=3419"}],"version-history":[{"count":2,"href":"http:\/\/xn--fcdahl-drenhagen-twb.de\/index.php?rest_route=\/wp\/v2\/posts\/3419\/revisions"}],"predecessor-version":[{"id":3421,"href":"http:\/\/xn--fcdahl-drenhagen-twb.de\/index.php?rest_route=\/wp\/v2\/posts\/3419\/revisions\/3421"}],"wp:featuredmedia":[{"embeddable":true,"href":"http:\/\/xn--fcdahl-drenhagen-twb.de\/index.php?rest_route=\/wp\/v2\/media\/3381"}],"wp:attachment":[{"href":"http:\/\/xn--fcdahl-drenhagen-twb.de\/index.php?rest_route=%2Fwp%2Fv2%2Fmedia&parent=3419"}],"wp:term":[{"taxonomy":"category","embeddable":true,"href":"http:\/\/xn--fcdahl-drenhagen-twb.de\/index.php?rest_route=%2Fwp%2Fv2%2Fcategories&post=3419"},{"taxonomy":"post_tag","embeddable":true,"href":"http:\/\/xn--fcdahl-drenhagen-twb.de\/index.php?rest_route=%2Fwp%2Fv2%2Ftags&post=3419"}],"curies":[{"name":"wp","href":"https:\/\/api.w.org\/{rel}","templated":true}]}}