{"id":3133,"date":"2020-01-19T10:00:45","date_gmt":"2020-01-19T09:00:45","guid":{"rendered":"http:\/\/xn--fcdahl-drenhagen-twb.de\/?p=3133"},"modified":"2020-01-19T10:00:45","modified_gmt":"2020-01-19T09:00:45","slug":"foerderverein-fuer-fc-jugend-gegruendet","status":"publish","type":"post","link":"http:\/\/xn--fcdahl-drenhagen-twb.de\/?p=3133","title":{"rendered":"F\u00f6rderverein f\u00fcr FC-Jugend gegr\u00fcndet!"},"content":{"rendered":"\n<figure class=\"wp-block-image\"><img fetchpriority=\"high\" decoding=\"async\" width=\"880\" height=\"438\" src=\"http:\/\/xn--fcdahl-drenhagen-twb.de\/wp-content\/uploads\/2020\/01\/Bildschirmfoto-2020-01-18-um-13.13.30.png\" alt=\"\" class=\"wp-image-3135\" srcset=\"http:\/\/xn--fcdahl-drenhagen-twb.de\/wp-content\/uploads\/2020\/01\/Bildschirmfoto-2020-01-18-um-13.13.30.png 880w, http:\/\/xn--fcdahl-drenhagen-twb.de\/wp-content\/uploads\/2020\/01\/Bildschirmfoto-2020-01-18-um-13.13.30-300x149.png 300w, http:\/\/xn--fcdahl-drenhagen-twb.de\/wp-content\/uploads\/2020\/01\/Bildschirmfoto-2020-01-18-um-13.13.30-768x382.png 768w, http:\/\/xn--fcdahl-drenhagen-twb.de\/wp-content\/uploads\/2020\/01\/Bildschirmfoto-2020-01-18-um-13.13.30-520x259.png 520w, http:\/\/xn--fcdahl-drenhagen-twb.de\/wp-content\/uploads\/2020\/01\/Bildschirmfoto-2020-01-18-um-13.13.30-740x368.png 740w\" sizes=\"(max-width: 880px) 100vw, 880px\" \/><\/figure>\n\n\n\n<p>Ein Gremium aus FC Unterst\u00fctzern hat die fu\u00dfballfreie Zeit im Dezember genutzt, um die Gr\u00fcndung eines F\u00f6rdervereins f\u00fcr die Jugend vorzubereiten.  <\/p>\n\n\n\n<p>Am gestrigen Freitag wurde die Gr\u00fcnderversammlung vollzogen, zu der in der Gastst\u00e4tte Werny in D\u00f6renhagen 18 Gr\u00fcndungsmitglieder den erforderlichen Satzungsentwurf unterzeichneten. Der Verein hat sich die finanzielle und ideelle F\u00f6rderung des Jugendsports des FC Dahl\/D\u00f6renhagen 08 e.V. zur Aufgabe gemacht.  <\/p>\n\n\n\n<p>Zum ersten Vorsitzenden w\u00e4hlten die anwesenden Gr\u00fcndungsmitglieder Andreas Groneberg. Zu seinem Stellvertreter wurde Christian Buschmeier gew\u00e4hlt und Igor Kovacevic bekleidet den Posten des Kassierers. Alle 3 haben sich lange Zeit in den Seniorenmannschaften des FC engagiert und sind derzeit f\u00fcr die Altherren gr\u00fcn und rot aktiv.  Wir w\u00fcnschen den FC Unterst\u00fctzer und dem neuen Vorstand gutes Gelingen und ein gl\u00fcckliches H\u00e4ndchen bei den bevorstehenden Projekten! <\/p>\n\n\n\n<p>Beim Verlassen der Gastst\u00e4tte konnten \u00fcbrigens gleich die n\u00e4chsten 3 Mitglieder f\u00fcr den F\u00f6rderverein gewonnen werden, sodass nach nicht einmal 24 Std. 21 Mitglieder die F\u00f6rderung der Jugend unterst\u00fctzen m\u00f6chten. So kann es weiter gehen&#8230; Bleibt sportlich liebe Leute!  <\/p>\n","protected":false},"excerpt":{"rendered":"<p>Ein Gremium aus FC Unterst\u00fctzern hat die fu\u00dfballfreie Zeit im Dezember genutzt, um die Gr\u00fcndung eines F\u00f6rdervereins f\u00fcr die Jugend vorzubereiten. Am gestrigen Freitag wurde die Gr\u00fcnderversammlung vollzogen, zu der in der Gastst\u00e4tte Werny in<a class=\"read-more\" href=\"http:\/\/xn--fcdahl-drenhagen-twb.de\/?p=3133\">Continue reading<\/a><\/p>\n","protected":false},"author":7,"featured_media":0,"comment_status":"closed","ping_status":"closed","sticky":false,"template":"","format":"standard","meta":{"_monsterinsights_skip_tracking":false,"_monsterinsights_sitenote_active":false,"_monsterinsights_sitenote_note":"","_monsterinsights_sitenote_category":0,"ngg_post_thumbnail":0,"footnotes":""},"categories":[1],"tags":[],"class_list":["post-3133","post","type-post","status-publish","format-standard","hentry","category-uncategorized"],"_links":{"self":[{"href":"http:\/\/xn--fcdahl-drenhagen-twb.de\/index.php?rest_route=\/wp\/v2\/posts\/3133","targetHints":{"allow":["GET"]}}],"collection":[{"href":"http:\/\/xn--fcdahl-drenhagen-twb.de\/index.php?rest_route=\/wp\/v2\/posts"}],"about":[{"href":"http:\/\/xn--fcdahl-drenhagen-twb.de\/index.php?rest_route=\/wp\/v2\/types\/post"}],"author":[{"embeddable":true,"href":"http:\/\/xn--fcdahl-drenhagen-twb.de\/index.php?rest_route=\/wp\/v2\/users\/7"}],"replies":[{"embeddable":true,"href":"http:\/\/xn--fcdahl-drenhagen-twb.de\/index.php?rest_route=%2Fwp%2Fv2%2Fcomments&post=3133"}],"version-history":[{"count":2,"href":"http:\/\/xn--fcdahl-drenhagen-twb.de\/index.php?rest_route=\/wp\/v2\/posts\/3133\/revisions"}],"predecessor-version":[{"id":3136,"href":"http:\/\/xn--fcdahl-drenhagen-twb.de\/index.php?rest_route=\/wp\/v2\/posts\/3133\/revisions\/3136"}],"wp:attachment":[{"href":"http:\/\/xn--fcdahl-drenhagen-twb.de\/index.php?rest_route=%2Fwp%2Fv2%2Fmedia&parent=3133"}],"wp:term":[{"taxonomy":"category","embeddable":true,"href":"http:\/\/xn--fcdahl-drenhagen-twb.de\/index.php?rest_route=%2Fwp%2Fv2%2Fcategories&post=3133"},{"taxonomy":"post_tag","embeddable":true,"href":"http:\/\/xn--fcdahl-drenhagen-twb.de\/index.php?rest_route=%2Fwp%2Fv2%2Ftags&post=3133"}],"curies":[{"name":"wp","href":"https:\/\/api.w.org\/{rel}","templated":true}]}}